{"id":28654,"date":"2026-03-18T10:14:02","date_gmt":"2026-03-18T10:14:02","guid":{"rendered":"https:\/\/dayholiday.hu\/?post_type=hotelpost&#038;p=28654"},"modified":"2026-04-23T13:12:01","modified_gmt":"2026-04-23T13:12:01","slug":"ibis-budapest-citysouth","status":"publish","type":"hotelpost","link":"https:\/\/dayholiday.hu\/en\/hotelpost\/ibis-budapest-citysouth\/","title":{"rendered":"ibis Budapest Citysouth"},"content":{"rendered":"\n<p><strong>Modern, k\u00e9nyelmes, csendes<\/strong><\/p>\n\n\n\n<p>A 139 hangszigetelt, klimatiz\u00e1lt szoba k\u00f6z\u00f6tt megtal\u00e1lhat\u00f3ak franci\u00e1gyas, k\u00e9t\u00e1gyas \u00e9s csal\u00e1di szob\u00e1k is. A Sweet Bed by ibis \u00e1gyak, s\u00f6t\u00e9t\u00edt\u0151f\u00fcgg\u00f6ny\u00f6k \u00e9s antiallerg\u00e9n \u00e1gynem\u0171 biztos\u00edtj\u00e1k a pihentet\u0151 alv\u00e1st.<\/p>\n\n\n\n<p><strong>Minden, amire sz\u00fcks\u00e9ge lehet<\/strong><\/p>\n\n\n\n<p>Ingyenes, nagysebess\u00e9g\u0171 WiFi<\/p>\n\n\n\n<p>\u00cdr\u00f3asztal, TV, extra p\u00e1rna, hajsz\u00e1r\u00edt\u00f3, saj\u00e1t f\u00fcrd\u0151szoba<\/p>\n\n\n\n<p>Sz\u00e9f a recepci\u00f3n, napi takar\u00edt\u00e1s<\/p>\n\n\n\n<p>K\u00e9r\u00e9sre: baba\u00e1gy, vasal\u00f3<\/p>\n\n\n\n<p><strong>Mozg\u00e1skorl\u00e1tozott vend\u00e9gek sz\u00e1m\u00e1ra <\/strong><\/p>\n\n\n\n<p>A sz\u00e1lloda k\u00e9t akad\u00e1lymentes\u00edtett szob\u00e1val rendelkezik, a liftek minden szintre el\u00e9rnek.<\/p>\n\n\n\n<p><strong>B\u00e1r \u00e9jjel-nappal<\/strong><\/p>\n\n\n\n<p>A b\u00e1r a nap 24 \u00f3r\u00e1j\u00e1ban nyitva \u00e1ll. K\u00f3stolja meg a h\u00e1zi hamburgert, amely este 21:30-ig rendelhet\u0151!<\/p>\n\n\n\n<p><strong>Reggeli, amikor \u00d6n szeretn\u00e9<\/strong><\/p>\n\n\n\n<p>B\u00fcf\u00e9reggeli: h\u00e9tk\u00f6znap 6:30\u201310:00, h\u00e9tv\u00e9g\u00e9n 11:00-ig.<\/p>\n\n\n\n<p>Kor\u00e1n vagy k\u00e9s\u0151n kel? 4:00 &#8211; 6:30 \u00e9s 10:00 &#8211; 12:00 k\u00f6z\u00f6tt is rendelkez\u00e9sre \u00e1ll a reggeli k\u00edn\u00e1lata a b\u00e1rban.<\/p>\n\n\n\n<p><strong>ibis Kitchen \u2013 \u00edzek modern st\u00edlusban<\/strong><\/p>\n\n\n\n<p>Az \u00e9tterem a magyar \u00e9s nemzetk\u00f6zi konyha legjav\u00e1t k\u00edn\u00e1lja k\u00f6nnyed, modern t\u00e1lal\u00e1sban. A h\u00e1z specialit\u00e1sa az i-Burger \u2013 frissen k\u00e9sz\u00edtett, szaftos h\u00e1zi hamburger.<\/p>\n\n\n\n<p><strong>T\u00e1gas kert<\/strong><\/p>\n\n\n\n<p>A hangulatos udvar \u00e1rny\u00e9kolt \u00fcl\u0151helyekkel t\u00f6k\u00e9letes reggeliz\u00e9shez, grillez\u00e9shez vagy egy j\u00f3 besz\u00e9lget\u00e9shez a szabadban.<\/p>\n\n\n\n<p><strong>Kitchen Lounge<\/strong><\/p>\n\n\n\n<p>A hosszabb ideig megsz\u00e1ll\u00f3 vend\u00e9gek sz\u00e1m\u00e1ra kialak\u00edtott Kitchen Lounge megfelel\u0151 teret \u00e9s k\u00e9nyelmi szolg\u00e1ltat\u00e1sokat biztos\u00edt mikrohull\u00e1m\u00fa s\u00fct\u0151vel, mos\u00f3g\u00e9ppel \u00e9s fel\u00e1ll\u00edthat\u00f3 sz\u00e1r\u00edt\u00f3val.<\/p>\n\n\n\n<p><strong>Hotel-info<\/strong><\/p>\n\n\n\n<p>Ingyenes WiFi<\/p>\n\n\n\n<p>L\u00e9gkondicion\u00e1lt szob\u00e1k<\/p>\n\n\n\n<p>Napi takar\u00edt\u00e1s<\/p>\n\n\n\n<p>Lift minden emeletre<\/p>\n\n\n\n<p>Mozg\u00e1skorl\u00e1tozottak sz\u00e1m\u00e1ra alkalmas szob\u00e1k<\/p>\n\n\n\n<p>Sz\u00e9f a recepci\u00f3n<\/p>\n\n\n\n<p>\u00c1llatbar\u00e1t hotel<\/p>\n\n\n\n<p><strong>Gasztron\u00f3mia<\/strong><\/p>\n\n\n\n<p>B\u00fcf\u00e9reggeli<\/p>\n\n\n\n<p>ibis Kitchen \u00e9tterem<\/p>\n\n\n\n<p>0-24 b\u00e1r<\/p>\n\n\n\n<p>Kerti terasz<\/p>\n\n\n\n<p><strong>K\u00f6z\u00f6ss\u00e9gi &amp; \u00fczleti terek<\/strong><\/p>\n\n\n\n<p>Gyereksarok<\/p>\n\n\n\n<p>Pingpong, darts<\/p>\n\n\n\n<p>Kitchen Lounge hossz\u00fa tart\u00f3zkod\u00e1sra<\/p>\n\n\n\n<p>Mos\u00f3g\u00e9p, sz\u00e1r\u00edt\u00f3<\/p>\n\n\n\n<p>66 m\u00b2 rendezv\u00e9nyterem<\/p>\n\n\n\n<p><strong>Kieg\u00e9sz\u00edt\u0151 szolg\u00e1ltat\u00e1sok<\/strong><\/p>\n\n\n\n<p>K\u00fclt\u00e9ri priv\u00e1t parkol\u00f3<\/p>\n\n\n\n<p>Korai bejelentkez\u00e9s \/ k\u00e9s\u0151i kijelentkez\u00e9s<\/p>\n\n\n\n<p>Mosodai szolg\u00e1ltat\u00e1s<\/p>\n\n\n\n<p>Ker\u00e9kp\u00e1rb\u00e9rl\u00e9s<\/p>\n\n\n\n<p><strong>Az \u00fczlet n\u00e1lunk is \u00f6r\u00f6m<\/strong><\/p>\n\n\n\n<p>A 66 m\u00b2-es rendezv\u00e9nyterem k\u00f6zvetlen kertkapcsolattal rendelkezik, \u00edgy ak\u00e1r szabadt\u00e9ri sz\u00fcnetek vagy k\u00f6tetlenebb esem\u00e9nyek is k\u00f6nnyed\u00e9n megszervezhet\u0151k.<\/p>\n\n\n\n<p><strong>Ide\u00e1lis helyen \u2013 k\u00f6nny\u0171 megk\u00f6zel\u00edt\u00e9s<\/strong><\/p>\n\n\n\n<p>F\u00e9l\u00faton a rep\u00fcl\u0151t\u00e9r \u00e9s a belv\u00e1ros k\u00f6z\u00f6tt, k\u00f6zvetlen metr\u00f3kapcsolattal a sz\u00e1lloda el\u0151tt \u2013 a megk\u00f6zel\u00edt\u00e9s egyszer\u0171 \u00e9s gyors, ak\u00e1r vend\u00e9gei, ak\u00e1r koll\u00e9g\u00e1i \u00e9rkeznek. A rendezv\u00e9nyen r\u00e9sztvev\u0151k sz\u00e1m\u00e1ra z\u00e1rt, priv\u00e1t parkol\u00f3 biztos\u00edtott k\u00f6zvetlen\u00fcl a sz\u00e1lloda mellett.<\/p>\n\n\n\n<p><strong>Finom falatok, inspir\u00e1l\u00f3 sz\u00fcnetek<\/strong><\/p>\n\n\n\n<p>Ak\u00e1r egy k\u00e1v\u00e9sz\u00fcnetr\u0151l, ak\u00e1r egy teljes eb\u00e9dr\u0151l vagy \u00fczleti reggelir\u0151l van sz\u00f3 \u2013 minden r\u00e9szletre \u00fcgyelnek. V\u00e1lassza h\u00e1zi hamburger\u00fcket, nemzetk\u00f6zi fog\u00e1saikat vagy k\u00e9rjen szem\u00e9lyre szabott men\u00fct.<\/p>\n\n\n\n<p>A friss alapanyagok, az \u00edzletes fog\u00e1sok \u00e9s a gyors kiszolg\u00e1l\u00e1s garant\u00e1lj\u00e1k a g\u00f6rd\u00fcl\u00e9keny esem\u00e9nyeket \u2013 \u00edgy \u00d6n a vend\u00e9geire koncentr\u00e1lhat.<\/p>\n\n\n\n<p><strong>Kert &amp; terasz \u2013 a szabad \u00e9g alatt<\/strong><\/p>\n\n\n\n<p>A term\u00e9szet a legjobb vend\u00e9gl\u00e1t\u00f3. Tavaszt\u00f3l \u0151szig a sz\u00e1lloda t\u00e1gas, \u00e1rny\u00e9kos kertje \u00e9s hangulatos terasza ide\u00e1lis helysz\u00edn reggelikhez, k\u00e1v\u00e9sz\u00fcnetekhez, kokt\u00e9l partikhoz vagy k\u00f6tetlen grillvacsor\u00e1khoz. A v\u00e1ros zaj\u00e1t\u00f3l t\u00e1vol, m\u00e9gis k\u00f6nnyen el\u00e9rhet\u0151 helyen nyugodt, z\u00f6ld k\u00f6rnyezetet tal\u00e1l.<\/p>\n\n\n\n<p><strong>NTAK sz\u00e1m:<\/strong> SZ24102515<\/p>\n\n\n\n<p><\/p>\n","protected":false},"template":"","meta":[],"class_list":["post-28654","hotelpost","type-hotelpost","status-publish","hentry"],"_links":{"self":[{"href":"https:\/\/dayholiday.hu\/en\/wp-json\/wp\/v2\/hotelpost\/28654","targetHints":{"allow":["GET"]}}],"collection":[{"href":"https:\/\/dayholiday.hu\/en\/wp-json\/wp\/v2\/hotelpost"}],"about":[{"href":"https:\/\/dayholiday.hu\/en\/wp-json\/wp\/v2\/types\/hotelpost"}],"wp:attachment":[{"href":"https:\/\/dayholiday.hu\/en\/wp-json\/wp\/v2\/media?parent=28654"}],"curies":[{"name":"wp","href":"https:\/\/api.w.org\/{rel}","templated":true}]}}