{"id":28557,"date":"2026-03-12T11:13:42","date_gmt":"2026-03-12T11:13:42","guid":{"rendered":"https:\/\/dayholiday.hu\/?post_type=hotelpost&#038;p=28557"},"modified":"2026-03-12T14:02:20","modified_gmt":"2026-03-12T14:02:20","slug":"ibis-styles-budapest-city","status":"publish","type":"hotelpost","link":"https:\/\/dayholiday.hu\/en\/hotelpost\/ibis-styles-budapest-city\/","title":{"rendered":"ibis Styles Budapest City"},"content":{"rendered":"\n<p>Az ibis Styles Budapest City a Duna pesti partj\u00e1n, k\u00f6zvetlen\u00fcl a foly\u00f3 ment\u00e9n helyezkedik el, \u00edgy t\u00f6k\u00e9letes v\u00e1laszt\u00e1s mindazoknak, akik szeretik a modern k\u00e9nyelmet \u00e9s a gy\u00f6ny\u00f6r\u0171 kil\u00e1t\u00e1st. A sz\u00e1lloda ide\u00e1lis elhelyezked\u00e9se r\u00e9v\u00e9n k\u00f6nnyen megk\u00f6zel\u00edthet\u0151 a f\u0151v\u00e1ros \u00fczleti negyede, valamint Budapest h\u00edres l\u00e1tnival\u00f3i, sz\u00ednh\u00e1zai \u00e9s koncerthelysz\u00ednei is n\u00e9h\u00e1ny percen bel\u00fcl el\u00e9rhet\u0151k. A Duna t\u00faloldal\u00e1n fekv\u0151 Gell\u00e9rt-hegy \u00e9s a Budai V\u00e1r l\u00e1tv\u00e1nya var\u00e1zslatos panor\u00e1m\u00e1t k\u00edn\u00e1l a vend\u00e9geknek.<\/p>\n\n\n\n<p>Elhelyezked\u00e9s \u00e9s k\u00f6rnyezet<\/p>\n\n\n\n<p>A sz\u00e1lloda Budapest k\u00f6zpontj\u00e1hoz k\u00f6zel, m\u00e9gis nyugodt k\u00f6rnyezetben tal\u00e1lhat\u00f3, ahonnan t\u00f6k\u00e9letes kiindul\u00f3pont a v\u00e1ros felfedez\u00e9s\u00e9hez. A kiv\u00e1l\u00f3 k\u00f6zleked\u00e9si kapcsolatoknak k\u00f6sz\u00f6nhet\u0151en gyorsan el\u00e9rhet\u0151k a legismertebb turisztikai helysz\u00ednek, a v\u00e1ros kultur\u00e1lis k\u00f6zpontjai \u00e9s a Duna-parti s\u00e9t\u00e1ny is, amely kellemes esti programlehet\u0151s\u00e9get k\u00edn\u00e1l.<\/p>\n\n\n\n<p>Szob\u00e1k \u00e9s kil\u00e1t\u00e1s<\/p>\n\n\n\n<p>Az ibis Styles Budapest City szob\u00e1i t\u00e1gasak, vil\u00e1gosak \u00e9s modern berendez\u00e9s\u0171ek, k\u00e9nyelmes pihen\u00e9st biztos\u00edtva a v\u00e1rosn\u00e9z\u00e9s vagy \u00fczleti nap ut\u00e1n. A legt\u00f6bb szoba ablak\u00e1b\u00f3l leny\u0171g\u00f6z\u0151 kil\u00e1t\u00e1s ny\u00edlik a Gell\u00e9rt-hegyre \u00e9s a Budai V\u00e1rra, amely k\u00fcl\u00f6nleges atmoszf\u00e9r\u00e1t k\u00f6lcs\u00f6n\u00f6z a sz\u00e1ll\u00e1snak.<\/p>\n\n\n\n<p>Szolg\u00e1ltat\u00e1sok \u00e9s hangulat<\/p>\n\n\n\n<p>A sz\u00e1lloda bar\u00e1ts\u00e1gos l\u00e9gk\u00f6rrel \u00e9s egyedi bels\u0151\u00e9p\u00edt\u00e9szeti megold\u00e1sokkal v\u00e1rja vend\u00e9geit, amely a ker\u00e9kp\u00e1ros \u00e9let\u00e9rz\u00e9s szerelmeseinek k\u00fcl\u00f6n\u00f6sen otthonos k\u00f6rnyezetet biztos\u00edt. A reggeliz\u0151terem b\u0151s\u00e9ges sv\u00e9dasztalos k\u00edn\u00e1lattal gondoskodik a nap energikus kezdet\u00e9r\u0151l \u2013 a friss p\u00e9k\u00e1ruk, \u00edzletes \u00e9telek \u00e9s zamatos k\u00e1v\u00e9 garant\u00e1lj\u00e1k a j\u00f3 hangulatot. A sz\u00e1ll\u00e1shely ide\u00e1lis v\u00e1laszt\u00e1s \u00fczleti utaz\u00f3k, p\u00e1rok \u00e9s csal\u00e1dok sz\u00e1m\u00e1ra egyar\u00e1nt.<\/p>\n\n\n\n<p>NTAK regisztr\u00e1ci\u00f3s sz\u00e1m: Sz19000503<\/p>\n\n\n\n<p><\/p>\n","protected":false},"template":"","meta":[],"class_list":["post-28557","hotelpost","type-hotelpost","status-publish","hentry"],"_links":{"self":[{"href":"https:\/\/dayholiday.hu\/en\/wp-json\/wp\/v2\/hotelpost\/28557","targetHints":{"allow":["GET"]}}],"collection":[{"href":"https:\/\/dayholiday.hu\/en\/wp-json\/wp\/v2\/hotelpost"}],"about":[{"href":"https:\/\/dayholiday.hu\/en\/wp-json\/wp\/v2\/types\/hotelpost"}],"wp:attachment":[{"href":"https:\/\/dayholiday.hu\/en\/wp-json\/wp\/v2\/media?parent=28557"}],"curies":[{"name":"wp","href":"https:\/\/api.w.org\/{rel}","templated":true}]}}