{"id":27886,"date":"2026-02-12T11:31:19","date_gmt":"2026-02-12T11:31:19","guid":{"rendered":"https:\/\/dayholiday.hu\/?post_type=hotelpost&#038;p=27886"},"modified":"2026-02-13T15:05:36","modified_gmt":"2026-02-13T15:05:36","slug":"hotel-fured-spa-conference","status":"publish","type":"hotelpost","link":"https:\/\/dayholiday.hu\/en\/hotelpost\/hotel-fured-spa-conference\/","title":{"rendered":"Hotel F\u00fcred**** Spa &amp; Conference"},"content":{"rendered":"\n<p>A Hotel F\u00fcred**** Spa &amp; Conference szeretettel v\u00e1rja a vend\u00e9geit Balatonf\u00fcred sz\u00edv\u00e9ben, k\u00f6zvetlen a Balaton partj\u00e1n! A fest\u0151i k\u00f6rnyezetben tal\u00e1lhat\u00f3 sz\u00e1lloda 450 f\u0151 befogad\u00e1s\u00e1ra k\u00e9pes, 2016-ban nyitotta meg kapuit.<\/p>\n\n\n\n<p>A sz\u00e1llod\u00e1ban vend\u00e9geinket 174 classic k\u00e9t\u00e1gyas szoba, 19 &nbsp;lakoszt\u00e1ly, valamint 2 exkluz\u00edvan berendezett eln\u00f6ki lakoszt\u00e1ly v\u00e1rja. Szob\u00e1ink \u00e9s lakoszt\u00e1lyaink nemdoh\u00e1nyz\u00f3ak!<\/p>\n\n\n\n<p>174 db k\u00e9nyelmesen berendezett, klimatiz\u00e1lt szoba, mely uralkod\u00f3 sz\u00edne a csokol\u00e1d\u00e9 \u00e9s a beige. E k\u00e9t sz\u00edn eleg\u00e1ns harm\u00f3ni\u00e1t t\u00fckr\u00f6z, \u00e9s a b\u00fatorzat egyedi formavil\u00e1g\u00e1val pezsd\u00edt\u0151en hat az \u00e9rz\u00e9kekre.<br>Pazar kil\u00e1t\u00e1s ny\u00edlik a tihanyi f\u00e9lszigetre, a Balatonra (Classic k\u00e9t\u00e1gyas t\u00f3ra n\u00e9z\u0151 szoba vagy Classic oldalpanor\u00e1m\u00e1s szoba) ill. a v\u00e1rost k\u00f6r\u00fcl\u00f6lel\u0151 hegyekre, sz\u0151l\u0151\u00fcltetv\u00e9nyekre (Classic k\u00e9t\u00e1gyas szoba)<\/p>\n\n\n\n<p>&nbsp;A Hotel 4 db konferencia terme \u00e9s 2 db meeting terme alkalmas nagyszab\u00e1s\u00fa kongresszusok megszervez\u00e9s\u00e9n \u00e1t meetingek, csal\u00e1di esem\u00e9nyek \u00e9s esk\u00fcv\u0151k lebonyol\u00edt\u00e1s\u00e1ra is.&nbsp;<\/p>\n\n\n\n<p>Sz\u00e1llod\u00e1nk ter\u00fclet\u00e9n a kulin\u00e1ris \u00e9lvezetek sz\u00e1m\u00e1ra&nbsp;ad\u00f3z\u00f3k is megtal\u00e1lj\u00e1k az \u00edzl\u00e9s\u00fcknek megfelel\u0151t: balatoni panor\u00e1m\u00e1s 300 f\u0151s \u00e9tterm\u00fcnk, hozz\u00e1 szervesen kapcsol\u00f3d\u00f3 500 f\u0151s teraszunk a sv\u00e9dasztalos reggelik \u00e9s vacsor\u00e1k helysz\u00edne.&nbsp;A lobby b\u00e1r, \u00e9s wellness b\u00e1r eg\u00e9sz nap finom falatokkal v\u00e1rja az oda bet\u00e9r\u0151ket.&nbsp;Ny\u00e1ron a v\u00edzi \u00e9lm\u00e9nyek \u00e9s napoz\u00e1s szerelmeseinek ide\u00e1lis helysz\u00edn a beach b\u00e1r, ahol a v\u00edzparton szolg\u00e1ljuk fel a k\u00edv\u00e1nt kokt\u00e9lokat, pizz\u00e1t \u00e9s egy\u00e9b finoms\u00e1gokat.<\/p>\n\n\n\n<p>Belt\u00e9ren 5 db sz\u00ednes \u00e9lm\u00e9nymedence, Wellness- snack falatoz\u00f3, eg\u00e9szs\u00e9ges friss\u00edt\u0151kkel, s\u00f3- massz\u00e1zs szob\u00e1val, szepar\u00e1lt &nbsp;gyermekmedence &nbsp;v\u00e1rja a v\u00edzi vil\u00e1got kedvel\u0151ket csaknem 3000 nm-en.<\/p>\n\n\n\n<p>14 \u00e9ven fel\u00fcli vend\u00e9geink r\u00e9sz\u00e9re fenntartott szepar\u00e1lt r\u00e9szlegen tal\u00e1lhat\u00f3: finn szauna, infra szauna, g\u0151zkabin, hideg s\u00f3szoba, meleg padok, hideg- meleg vizes \u00e9lm\u00e9nyzuhanyok,&nbsp;relax\u00e1ci\u00f3s t\u00e9r.<br><br><\/p>\n\n\n\n<p>K\u00fclt\u00e9ri medenc\u00e9ink, saj\u00e1t k\u00f6zvetlen v\u00edzparti, p\u00e1zsitos strandunk, k\u00fclt\u00e9ri homokos j\u00e1tsz\u00f3ter\u00fcnk szint\u00e9n az itt pihen\u0151k k\u00e9nyelm\u00e9t szolg\u00e1lj\u00e1k, feln\u0151ttek \u00e9s gyermekek r\u00e9sz\u00e9re egyar\u00e1nt kit\u0171n\u0151 sz\u00f3rakoz\u00e1st ny\u00fajtanak. K\u00fclt\u00e9ri medenc\u00e9ink szezon\u00e1lisan \u00fczemelnek, k\u00fcls\u0151 id\u0151j\u00e1r\u00e1s f\u00fcggv\u00e9ny\u00e9ben.&nbsp;<br><br>Life fitness g\u00e9pekkel felszerelt fitness term\u00fcnk ablakaib\u00f3l edz\u00e9s k\u00f6zben is \u00e9lvezheti a p\u00e1ratlan balatoni panor\u00e1m\u00e1t.&nbsp;<\/p>\n\n\n\n<p>NTAK sz\u00e1m: SZ21001117<\/p>\n\n\n\n<p><\/p>\n","protected":false},"template":"","meta":[],"class_list":["post-27886","hotelpost","type-hotelpost","status-publish","hentry"],"_links":{"self":[{"href":"https:\/\/dayholiday.hu\/en\/wp-json\/wp\/v2\/hotelpost\/27886","targetHints":{"allow":["GET"]}}],"collection":[{"href":"https:\/\/dayholiday.hu\/en\/wp-json\/wp\/v2\/hotelpost"}],"about":[{"href":"https:\/\/dayholiday.hu\/en\/wp-json\/wp\/v2\/types\/hotelpost"}],"wp:attachment":[{"href":"https:\/\/dayholiday.hu\/en\/wp-json\/wp\/v2\/media?parent=27886"}],"curies":[{"name":"wp","href":"https:\/\/api.w.org\/{rel}","templated":true}]}}