{"id":22135,"date":"2025-01-22T13:59:07","date_gmt":"2025-01-22T13:59:07","guid":{"rendered":"https:\/\/dayholiday.hu\/?post_type=hotelpost&#038;p=22135"},"modified":"2025-01-23T11:07:36","modified_gmt":"2025-01-23T11:07:36","slug":"zselicvolgy-szabadidofarm","status":"publish","type":"hotelpost","link":"https:\/\/dayholiday.hu\/en\/hotelpost\/zselicvolgy-szabadidofarm\/","title":{"rendered":"Zselicv\u00f6lgy Szabadid\u0151farm"},"content":{"rendered":"\n<p><strong>Zselicv\u00f6lgy Szabadid\u0151farm: <\/strong><strong>t\u00f6lt\u0151dj fel fest\u0151i k\u00f6rnyezetben, t\u00e1vol a v\u00e1rosok zaj\u00e1t\u00f3l, k\u00f6zel a term\u00e9szethez<\/strong><\/p>\n\n\n\n<p>A Zselici- dombs\u00e1gban a Zselicv\u00f6lgy Szabadid\u0151farm ezernyi kalanddal, a napjainkban ritka, nagybet\u0171s Csenddel, p\u00e1roddal \u2013 csal\u00e1doddal, koll\u00e9g\u00e1iddal, vagy ha egy\u00e9ni kalandor vagy egyed\u00fcl is \u2013 v\u00e1r, haz\u00e1nk egyik \u00e9kszerdoboz\u00e1ban. Hogy mire sz\u00e1m\u00edts? A v\u00e1rosok zaj\u00e1nak elhalkul\u00e1s\u00e1ra, csod\u00e1s, sz\u00edvmelenget\u0151 k\u00f6rnyezetre, kiv\u00e1l\u00f3 \u00e9s v\u00e1ltozatos gasztron\u00f3miai, valamint sz\u00e1ll\u00e1sk\u00edn\u00e1latra.<\/p>\n\n\n\n<p>A Zselicv\u00f6lgy Szabadid\u0151farmon megtal\u00e1lod azt az \u00e9lm\u00e9nyt, amely visszaadja nyugalmad \u00e9s energi\u00e1d a sz\u00fcrke h\u00e9tk\u00f6znapokban: legyen sz\u00f3 egy kellemes kir\u00e1ndul\u00e1sr\u00f3l, egy sz\u00e1modra fontos rendezv\u00e9nyr\u0151l vagy \u00e9ppen k\u00f6nnyed relax\u00e1ci\u00f3r\u00f3l.<\/p>\n\n\n\n<p>Farmunk 33 nemdoh\u00e1nyz\u00f3 szob\u00e1val rendelkezik. Szob\u00e1ink \u2013 ig\u00e9ny szerint \u2013 p\u00f3t\u00e1gyazhat\u00f3ak.<\/p>\n\n\n\n<p>Csendes vid\u00e9ki k\u00f6rnyezetben 8 db komfortos vend\u00e9gh\u00e1z\u00e1ban (29 szoba, ebb\u0151l 3 csal\u00e1di), illetve a k\u00f6zponti \u00e9p\u00fcletben tal\u00e1lhat\u00f3 2 francia\u00e1gyas szoba \u00e9s 2 k\u00e9t\u00e1gyas szoba \u2013 k\u00f6zt\u00fck egy akad\u00e1lymentes\u00edtett \u2013 l\u00e1tja vend\u00e9g\u00fcl a zavartalan pihen\u00e9sre v\u00e1gy\u00f3kat. Szob\u00e1ink egyedi hangulat\u00e1nak kialak\u00edt\u00e1s\u00e1ban neves k\u00e9pz\u0151m\u0171v\u00e9szek seg\u00e9dkeztek.<\/p>\n\n\n\n<p>Mindegyik szob\u00e1nkhoz kl\u00edma, minib\u00e1r, telefon, LCD telev\u00edzi\u00f3, Wifi csatlakoz\u00e1si lehet\u0151s\u00e9g, f\u00fcrd\u0151k\u00f6nt\u00f6s haszn\u00e1lat, hajsz\u00e1r\u00edt\u00f3 \u00e9s szabadt\u00e9ri parkol\u00f3 tartozik. Csod\u00e1latos z\u00f6ld k\u00f6rnyezetben, a kiv\u00e1l\u00f3 t\u00e1ji adotts\u00e1goknak k\u00f6sz\u00f6nhet\u0151en a farm k\u00fcl\u00f6n\u00f6sen alkalmas gyerekkel, bab\u00e1val \u00e9rkez\u0151 vend\u00e9geink sz\u00e1m\u00e1ra.<\/p>\n\n\n\n<p>F\u0151\u00e9p\u00fclet\u00fcnkben, p\u00e1r m\u00e9terre a vend\u00e9gh\u00e1zakt\u00f3l tal\u00e1lhat\u00f3 \u00e9tterm\u00fcnk. \u00c9telk\u00edn\u00e1latunk a tradicion\u00e1lis hazai \u00edzekre, a k\u00f6rny\u00e9kbeli vadakra, a farmunkon nevelked\u0151 sz\u00e1rnyasokra \u00e9s sert\u00e9sekre, valamint a francia charolais marh\u00e1ra \u00e9p\u00fcl. Egy sikeres rendezv\u00e9ny sarkalatos pontja az \u00e9tkez\u00e9s, hiszen nincs eml\u00e9kezetes esem\u00e9ny felejthetetlen \u00edzek n\u00e9lk\u00fcl.<\/p>\n\n\n\n<p>Sz\u00e1z f\u0151s \u00e9tterm\u00fcnkben sz\u00e1ll\u00f3vend\u00e9geink \u00e9s k\u00fcls\u0151s vend\u00e9geink r\u00e9sz\u00e9re sv\u00e9dasztalos reggelit k\u00edn\u00e1lunk. Eb\u00e9d \u00e9s vacsora alkalm\u00e1val a\u2019la carte \u00e9tlapunkr\u00f3l illetve el\u0151re kiaj\u00e1nlott t\u00f6bbfog\u00e1sos sv\u00e9dasztalos \u00e9s t\u00e1lszervizes k\u00edn\u00e1latunkb\u00f3l v\u00e1laszthatnak.<\/p>\n\n\n\n<p>Rendezv\u00e9nyek eset\u00e9ben k\u00e9rhet\u0151 \u00e9rkez\u00e9sre \u00e9s k\u00e1v\u00e9sz\u00fcnetre bek\u00e9sz\u00edt\u00e9s, h\u00e1zi sajtos \u00e9s tepert\u0151s pog\u00e1csa, langall\u00f3, szendvicsek, gy\u00fcm\u00f6lcs\u00f6k, tov\u00e1bb\u00e1 italcsomag, \u00e1sv\u00e1nyv\u00edzzel, \u00fcd\u00edt\u0151kkel \u00e9s k\u00e1v\u00e9val.<\/p>\n\n\n\n<p>Szolg\u00e1ltat\u00e1sok:<\/p>\n\n\n\n<p>a szabadid\u0151farm ter\u00fclet\u00e9n d\u00edjmentes parkol\u00e1s, a rendezv\u00e9nytermek \u00e9s a h\u00e1zak k\u00f6zvetlen k\u00f6zel\u00e9ben is<\/p>\n\n\n\n<p>Wellness szolg\u00e1ltat\u00e1s: szauna h\u00e1zunkban tal\u00e1lhat\u00f3 finn-\u00e9s infraszauna, tov\u00e1bb\u00e1 kett\u0151 darab jacuzzi \u00e9s k\u00e9t k\u00fclt\u00e9ri medence.<\/p>\n\n\n\n<p>Sz\u00e1mos szabadid\u0151s tev\u00e9kenys\u00e9g:<\/p>\n\n\n\n<p>k\u00f6zkedvelt 2 p\u00e1ly\u00e1s bowling terem, darts csocs\u00f3 \u00e9s billi\u00e1rd j\u00e1t\u00e9kokkal, folyamatosan m\u0171k\u00f6d\u0151 b\u00e1r, szem\u00e9lyzettel \u00e0 alkalmas csapat\u00e9p\u00edt\u0151 rendezv\u00e9ny helysz\u00ednek\u00e9nt<\/p>\n\n\n\n<p>fedett, f\u0171thet\u0151 teniszcsarnok<\/p>\n\n\n\n<p>horg\u00e1szati lehet\u0151s\u00e9g<\/p>\n\n\n\n<p>minigolf p\u00e1lya<\/p>\n\n\n\n<p>Rendezv\u00e9nytermek:<\/p>\n\n\n\n<p>3 rendezv\u00e9nyterem tal\u00e1lhat\u00f3 a szabadid\u0151farmunkon: mindegyik term\u00fcnk term\u00e9szetes f\u00e9nnyel rendelkezik, szell\u0151ztethet\u0151, f\u0171thet\u0151.<\/p>\n\n\n\n<p>Technikai felszerelts\u00e9g: WIFI, projektor, vet\u00edt\u0151v\u00e1szon, flipchart t\u00e1bla pap\u00edrral \u00e9s tollal<\/p>\n\n\n\n<p>Vad\u00e1szterem \u00e9s bowlingterem: kl\u00edm\u00e1val ell\u00e1tott termek<\/p>\n\n\n\n<p>Vad\u00e1szterem:<\/p>\n\n\n\n<p>Sz\u00e9ksoros elrendez\u00e9s: 50 f\u0151<\/p>\n\n\n\n<p>U alakban: max 50 f\u0151 max 4 f\u0151s eln\u00f6ki asztallal<\/p>\n\n\n\n<p>Borkupola:<\/p>\n\n\n\n<p>Borkupola rendezv\u00e9nyterm\u00fcnkben be\u00e9p\u00edtett hangrendszer tal\u00e1lhat\u00f3, melyre mikrofon r\u00e1csatlakoztathat\u00f3<\/p>\n\n\n\n<p>Sz\u00e9ksoros elrendez\u00e9s: 160 f\u0151<\/p>\n\n\n\n<p>U alakban 160 f\u0151<\/p>\n\n\n\n<p>\u00c9tkez\u00e9sre 190 f\u0151 r\u00e9sz\u00e9re alkalmas borkupola rendezv\u00e9nyterm\u00fcnk.<\/p>\n\n\n\n<p>Bowling teremn\u00e9l nem tudjuk ezt meghat\u00e1rozni sajnos.<\/p>\n\n\n\n<p><strong>\u00c9tterem: 100 f\u0151 befogad\u00e1s\u00e1ra \u00e9s \u00e9tkeztet\u00e9s\u00e9re alkalmas<\/strong><\/p>\n\n\n\n<p><strong>Vad\u00e1szterm\u00fcnkben is lehet\u0151s\u00e9g van \u00e9tkez\u00e9sre, nem csak konferenci\u00e1ra, ebben az esetben az \u00e9tkez\u00e9sre alkalmas m\u00f3don kell kialak\u00edtani az asztalokat. (pl. u alakban)<\/strong><\/p>\n\n\n\n<p><strong>Borkupola rendezv\u00e9nyteremben is lehet\u0151s\u00e9g van mindegyik f\u00e9le \u00e9tkez\u00e9sre.<\/strong><\/p>\n\n\n\n<p><strong>Kieg\u00e9sz\u00edt\u0151 k\u00edn\u00e1latunk<\/strong>:<\/p>\n\n\n\n<p>\u2022 Helysz\u00ednen k\u00e9sz\u00fclt: sajtos\/tepert\u0151s pog\u00e1csa, h\u00e1zi szal\u00e1mi\/sonk\u00e1s baguett, h\u00e1zi langall\u00f3<\/p>\n\n\n\n<p>\u2022 S\u00fctem\u00e9ny: minis \u00e9des apr\u00f3s\u00fctem\u00e9nyek<\/p>\n\n\n\n<p>\u2022 Szezon\u00e1lis gy\u00fcm\u00f6lcs ig\u00e9ny szerint<\/p>\n\n\n\n<p><strong>F\u0151\u00e9tkez\u00e9sek:<\/strong><\/p>\n\n\n\n<p>B\u00fcf\u00e9reggeli: B\u0151s\u00e9ges, sv\u00e9dasztalos reggeli<\/p>\n\n\n\n<p>T\u00e1ny\u00e9rszerv\u00edz: ig\u00e9ny szerint el\u0151re leegyeztetett men\u00fc alapj\u00e1n, t\u00f6bbfog\u00e1sos<\/p>\n\n\n\n<p>T\u00f6bbszem\u00e9lyes t\u00e1lakon t\u00f6rt\u00e9n\u0151 szerv\u00edroz\u00e1s el\u0151re kiv\u00e1lasztott men\u00fc alapj\u00e1n<\/p>\n\n\n\n<p>B\u00fcf\u00e9asztalos eb\u00e9d\/vacsora: k\u00e9tf\u00e9le leves, h\u00e1romfajta f\u0151\u00e9tel, h\u00e1zi savany\u00fas\u00e1g, friss z\u00f6ldsal\u00e1ta, desszert<\/p>\n\n\n\n<p>A kiaj\u00e1nlott men\u00fck v\u00e1ltoztathat\u00f3ak, kib\u0151v\u00edthet\u0151ek ig\u00e9ny szerint.<\/p>\n\n\n\n<p><strong>Italcsomagok:<\/strong><\/p>\n\n\n\n<p>\u00c9rkez\u00e9sre\/k\u00e1v\u00e9sz\u00fcneti bek\u00e9sz\u00edt\u00e9s csomag: 1 \u00fcd\u00edt\u0151, 1 \u00e1sv\u00e1nyv\u00edz, tea \u00e9s k\u00e1v\u00e9g\u00e9p haszn\u00e1lata<\/p>\n\n\n\n<p>Korl\u00e1tlan alkoholmentes italcsomag k\u00e9rt id\u0151tartamra: sz\u00e9nsavas \u00e9s rostos \u00fcd\u00edt\u0151, \u00e1sv\u00e1nyv\u00edz, k\u00e1v\u00e9, tea.<\/p>\n\n\n\n<p>Korl\u00e1tlan alkoholos italcsomag k\u00e9rt id\u0151tartamra: sz\u00e9nsavas \u00e9s rostos \u00fcd\u00edt\u0151, \u00e1sv\u00e1nyv\u00edz, k\u00e1v\u00e9, tea, csapolt s\u00f6r, feh\u00e9r, v\u00f6r\u00f6s \u00e9s roz\u00e9 borok.<\/p>\n\n\n\n<p>Korl\u00e1tlan alkoholos italcsomag k\u00e9rt id\u0151tartamra: sz\u00e9nsavas \u00e9s rostos \u00fcd\u00edt\u0151, \u00e1sv\u00e1nyv\u00edz,<\/p>\n\n\n\n<p>k\u00e1v\u00e9, tea, csapolt s\u00f6r, feh\u00e9r, v\u00f6r\u00f6s \u00e9s roz\u00e9 borok \u00e9s 4 fajta v\u00e1laszthat\u00f3 r\u00f6vidital.<\/p>\n\n\n\n<p>Ig\u00e9ny eset\u00e9n t\u00e9teles italfogyaszt\u00e1s is k\u00e9rhet\u0151.<\/p>\n\n\n\n<p>Programjavaslat:<\/p>\n\n\n\n<p>Vad\u00e1sztermi konferencia eset\u00e9n \u00e9tkez\u00e9s, esti sz\u00f3rakoz\u00e1s a borkupola rendezv\u00e9nyteremben.<\/p>\n\n\n\n<p>Bork\u00f3stol\u00f3 l\u00e1tv\u00e1nypinc\u00e9nkben.<\/p>\n\n\n\n<p>Eg\u00e9sz napos vagy konferencia ut\u00e1ni sz\u00f3rakoz\u00e1s a bowlingteremben.<\/p>\n\n\n\n<p>Farml\u00e1togat\u00e1s: ismerd meg a farmon \u00e9l\u0151 \u00e1llatok t\u00f6rt\u00e9net\u00e9t a farmvezet\u0151 seg\u00edts\u00e9g\u00e9vel egy vezetett farml\u00e1togat\u00e1s kereteiben.<\/p>\n\n\n\n<p>B\u0151sz\u00e9nfa: Szabadid\u0151farmt\u00f3l 5 km-re tal\u00e1lhat\u00f3 Szarvasfarm<\/p>\n","protected":false},"template":"","meta":[],"class_list":["post-22135","hotelpost","type-hotelpost","status-publish","hentry"],"_links":{"self":[{"href":"https:\/\/dayholiday.hu\/en\/wp-json\/wp\/v2\/hotelpost\/22135","targetHints":{"allow":["GET"]}}],"collection":[{"href":"https:\/\/dayholiday.hu\/en\/wp-json\/wp\/v2\/hotelpost"}],"about":[{"href":"https:\/\/dayholiday.hu\/en\/wp-json\/wp\/v2\/types\/hotelpost"}],"wp:attachment":[{"href":"https:\/\/dayholiday.hu\/en\/wp-json\/wp\/v2\/media?parent=22135"}],"curies":[{"name":"wp","href":"https:\/\/api.w.org\/{rel}","templated":true}]}}