{"id":20778,"date":"2024-09-25T09:23:52","date_gmt":"2024-09-25T09:23:52","guid":{"rendered":"https:\/\/dayholiday.hu\/?post_type=hotelpost&#038;p=20778"},"modified":"2024-11-29T09:59:58","modified_gmt":"2024-11-29T09:59:58","slug":"outlet-hotel-polgar","status":"publish","type":"hotelpost","link":"https:\/\/dayholiday.hu\/en\/hotelpost\/outlet-hotel-polgar\/","title":{"rendered":"Outlet Hotel Polg\u00e1r****"},"content":{"rendered":"\n<p>Az <strong>Outlet Hotel Polg\u00e1r****<\/strong> 2017 \u2013 ben \u00e9p\u00fclt eleg\u00e1ns, modern kialak\u00edt\u00e1s\u00fa sz\u00e1lloda, amely a Polg\u00e1r mellett elhalad\u00f3 M3 \u2013 as aut\u00f3p\u00e1lya 175 \u2013 \u00f6s kilom\u00e9ter\u00e9n\u00e9l helyezkedik el.<\/p>\n\n\n\n<p>T\u00f6k\u00e9letes v\u00e1laszt\u00e1s mindazoknak, akik \u00fczleti \u00faton vagy \u00e1tutaz\u00f3ban vannak. \u00d6tven szoba \u2013 p\u00f3t\u00e1gyazhat\u00f3 standard szob\u00e1k, valamint lakoszt\u00e1lyok (ak\u00e1r 4 f\u0151 r\u00e9sz\u00e9re) \u2013 valamint wellness r\u00e9szleg \u00e9s konferenciaterem \u00e1ll rendelkez\u00e9sre. A sz\u00e1lloda saj\u00e1t \u00e9tterm\u00e9ben pedig kiv\u00e1l\u00f3 min\u0151s\u00e9g\u0171 \u00e9s v\u00e1ltozatos fog\u00e1sokat k\u00f3stolhatnak meg kedves vend\u00e9geink.<\/p>\n\n\n\n<p><strong>Szob\u00e1k bemutat\u00e1sa<\/strong><\/p>\n\n\n\n<p>A sz\u00e1lloda standard szob\u00e1it \u00fagy tervezt\u00fck \u00e9s rendezt\u00fck be, hogy vend\u00e9geink r\u00f6vid \u00e9s hossz\u00fa t\u00e1v\u00fa tart\u00f3zkod\u00e1s eset\u00e9n is komfortosan \u00e9rezhess\u00e9k benne magukat. Standard szob\u00e1ink egy r\u00e9sze \u00f6sszenyithat\u00f3. A szobaajt\u00f3k k\u00e1rty\u00e1s z\u00e1rral m\u0171k\u00f6dnek, a szob\u00e1khoz f\u00fcrd\u0151k\u00e1das vagy zuhanykabinos f\u00fcrd\u0151szob\u00e1k tartoznak. Ez a szobat\u00edpus el\u00e9rhet\u0151 akad\u00e1lymentes\u00edtett v\u00e1ltozatban is.<\/p>\n\n\n\n<p>Friss, izgalmas bels\u0151 diz\u00e1jn, zavartalan pihen\u00e9s \u2013 3 f\u0151 sz\u00e1m\u00e1ra kialak\u00edtott, modern berendez\u00e9s\u0171 standard szob\u00e1k k\u00e9nyelmi szolg\u00e1ltat\u00e1sokkal.<\/p>\n\n\n\n<p><strong>Rendezv\u00e9nylehet\u0151s\u00e9gek<\/strong><\/p>\n\n\n\n<p>100 n\u00e9gyzetm\u00e9teres konferencia teremmel rendelkez\u00fcnk, amely a kisebb, 10-20 f\u0151s programok mellett 50 f\u0151s rendezv\u00e9nyek lebonyol\u00edt\u00e1s\u00e1ra is alkalmas. A terem nagy ablakfel\u00fcletein \u00e1t eg\u00e9sz nap \u00e1rad a term\u00e9szetes f\u00e9ny: a helyis\u00e9ghez kapcsol\u00f3d\u00f3 terasz pedig kellemes helysz\u00edn a sz\u00fcnetek alatti k\u00e1v\u00e9z\u00e1sra, falatoz\u00e1sra, besz\u00e9lget\u00e9sre, leveg\u0151z\u00e9sre.<\/p>\n\n\n\n<p>A rendezv\u00e9nyterem berendez\u00e9se ig\u00e9ny szerint alak\u00edthat\u00f3: a kisebb rendezv\u00e9nyekhez az U \u2013 alakos, m\u00edg a nagyobb esem\u00e9nyekhez sz\u00e9ksoros \u00fcltet\u00e9st javaslunk.<\/p>\n\n\n\n<p><strong>\u00c9tkez\u00e9si lehet\u0151s\u00e9gek<\/strong><\/p>\n\n\n\n<p>A magyar konyha hagyom\u00e1nyos \u00edzei mellett a nemzetk\u00f6zi gasztron\u00f3mia izgalmas \u00e9s n\u00e9pszer\u0171 \u00e9teleit is megtal\u00e1lhatj\u00e1k az Outlet Hotel \u00e9tterm\u00e9nek k\u00edn\u00e1lat\u00e1ban.<\/p>\n\n\n\n<p>Eb\u00e9d \u00e9s vacsora k\u00edn\u00e1latunkat Czegl\u00e9di L\u00e1szl\u00f3 executive s\u00e9f \u00e9s csapata \u00e1lmodta meg vend\u00e9geink sz\u00e1m\u00e1ra.<\/p>\n\n\n\n<p><strong>Wellness lehet\u0151s\u00e9gek <\/strong><\/p>\n\n\n\n<p>Friss\u00fclj\u00f6n fel vagy laz\u00edtson wellness r\u00e9szleg\u00fcnkben. Ellen\u00e1ramoltat\u00f3val felszerelt \u00fasz\u00f3medenc\u00e9nk, pezsg\u0151f\u00fcrd\u0151nk, szaun\u00e1nk \u00e9s napoz\u00f3teraszunk vend\u00e9geink t\u00f6k\u00e9letes kikapcsol\u00f3d\u00e1si lehet\u0151s\u00e9g egy kir\u00e1ndul\u00e1s vagy egy v\u00e9gigdolgozott munkanap ut\u00e1n.<\/p>\n\n\n\n<p><strong>NTAK sz\u00e1m: 19000060<\/strong><\/p>\n\n\n\n<p><\/p>\n","protected":false},"template":"","meta":[],"class_list":["post-20778","hotelpost","type-hotelpost","status-publish","hentry"],"_links":{"self":[{"href":"https:\/\/dayholiday.hu\/en\/wp-json\/wp\/v2\/hotelpost\/20778","targetHints":{"allow":["GET"]}}],"collection":[{"href":"https:\/\/dayholiday.hu\/en\/wp-json\/wp\/v2\/hotelpost"}],"about":[{"href":"https:\/\/dayholiday.hu\/en\/wp-json\/wp\/v2\/types\/hotelpost"}],"wp:attachment":[{"href":"https:\/\/dayholiday.hu\/en\/wp-json\/wp\/v2\/media?parent=20778"}],"curies":[{"name":"wp","href":"https:\/\/api.w.org\/{rel}","templated":true}]}}